{"id":3254,"date":"2017-01-13T16:16:16","date_gmt":"2017-01-13T16:16:16","guid":{"rendered":"http:\/\/www.muchastelas.com\/blog\/?p=3254"},"modified":"2017-05-17T15:37:15","modified_gmt":"2017-05-17T13:37:15","slug":"onda-cero-masterclass-flor-de-tela","status":"publish","type":"post","link":"https:\/\/www.muchastelas.com\/blog\/2017\/01\/13\/onda-cero-masterclass-flor-de-tela\/","title":{"rendered":"Onda Cero Masterclass flor de tela"},"content":{"rendered":"<p style=\"text-align: justify;\">Os dejamos la entrevista que nos han hecho hoy en Onda Cero de la Masterclas flor de tela. Hemos ido muy bien acompa\u00f1ados con\u00a0M\u00aa Carmen de la mercer\u00eda Aritza de Lasarte. Ella va a ser quien va a impartir la clase. No os la perd\u00e1is, tendr\u00e1<\/p>\n<p style=\"text-align: justify;\"><!--more--><\/p>\n<p style=\"text-align: justify;\">lugar\u00a0ma\u00f1ana s\u00e1bado d\u00eda 14 de enero en nuestra tienda de Merke Kilo, en la calle Fuenterrab\u00eda 31. \u00a0Como siempre,<\/p>\n<p style=\"text-align: justify;\">ha sido\u00a0un placer estar charlando con Eduardo Ya\u00f1ez, much\u00edsimas gracias por volver a acogernos.<\/p>\n<p style=\"text-align: justify;\">Aqu\u00ed os dejamos el audio para que la escuch\u00e9is:<\/p>\n<audio class=\"wp-audio-shortcode\" id=\"audio-3254-1\" preload=\"none\" style=\"width: 100%;\" controls=\"controls\"><source type=\"audio\/mpeg\" src=\"http:\/\/www.muchastelas.com\/blog\/wp-content\/uploads\/2017\/01\/audio_entrevista_masterclass_flor.mp3?_=1\" \/><a href=\"http:\/\/www.muchastelas.com\/blog\/wp-content\/uploads\/2017\/01\/audio_entrevista_masterclass_flor.mp3\">http:\/\/www.muchastelas.com\/blog\/wp-content\/uploads\/2017\/01\/audio_entrevista_masterclass_flor.mp3<\/a><\/audio>\n<h3 style=\"text-align: center;\">\u00bfQue os ha parecido nuestra entrevista en Onda Cero Masterclass flor de tela?<\/h3>\n<p style=\"text-align: justify;\"><img loading=\"lazy\" decoding=\"async\" class=\"aligncenter size-full wp-image-4124\" src=\"http:\/\/www.muchastelas.com\/blog\/wp-content\/uploads\/20170113-Onda_cero_masterclass_flor_tela-Foto1.jpg\" alt=\"Onda Cero Masterclass flor de tela\" width=\"600\" height=\"450\" \/><\/p>\n<p style=\"text-align: justify;\">\n","protected":false},"excerpt":{"rendered":"<p>Os dejamos la entrevista que nos han hecho hoy en Onda Cero de la Masterclas<\/p>\n","protected":false},"author":3,"featured_media":4290,"comment_status":"open","ping_status":"open","sticky":false,"template":"","format":"standard","meta":{"footnotes":""},"categories":[12],"tags":[],"class_list":["post-3254","post","type-post","status-publish","format-standard","has-post-thumbnail","hentry","category-articulos"],"yoast_head":"<!-- This site is optimized with the Yoast SEO plugin v26.6 - https:\/\/yoast.com\/wordpress\/plugins\/seo\/ -->\n<title>Onda Cero Masterclass flor de tela - Blog de Muchas Telas<\/title>\n<meta name=\"description\" content=\"Onda Cero Masterclass flor de tela. Entrevista en la radio de Onda Cero de Donostia. Entrevista sobre la masterclass flor de tela.\" \/>\n<meta name=\"robots\" content=\"index, follow, max-snippet:-1, max-image-preview:large, max-video-preview:-1\" \/>\n<link rel=\"canonical\" href=\"https:\/\/www.muchastelas.com\/blog\/2017\/01\/13\/onda-cero-masterclass-flor-de-tela\/\" \/>\n<meta name=\"twitter:label1\" content=\"Escrito por\" \/>\n\t<meta name=\"twitter:data1\" content=\"\" \/>\n\t<meta name=\"twitter:label2\" content=\"Tiempo de lectura\" \/>\n\t<meta name=\"twitter:data2\" content=\"1 minuto\" \/>\n<script type=\"application\/ld+json\" class=\"yoast-schema-graph\">{\"@context\":\"https:\/\/schema.org\",\"@graph\":[{\"@type\":\"WebPage\",\"@id\":\"https:\/\/www.muchastelas.com\/blog\/2017\/01\/13\/onda-cero-masterclass-flor-de-tela\/\",\"url\":\"https:\/\/www.muchastelas.com\/blog\/2017\/01\/13\/onda-cero-masterclass-flor-de-tela\/\",\"name\":\"Onda Cero Masterclass flor de tela - Blog de Muchas Telas\",\"isPartOf\":{\"@id\":\"https:\/\/www.muchastelas.com\/blog\/#website\"},\"primaryImageOfPage\":{\"@id\":\"https:\/\/www.muchastelas.com\/blog\/2017\/01\/13\/onda-cero-masterclass-flor-de-tela\/#primaryimage\"},\"image\":{\"@id\":\"https:\/\/www.muchastelas.com\/blog\/2017\/01\/13\/onda-cero-masterclass-flor-de-tela\/#primaryimage\"},\"thumbnailUrl\":\"https:\/\/www.muchastelas.com\/blog\/wp-content\/uploads\/20170113-Onda_cero_masterclass_flor_tela-Foto0-Miniatura-1.jpg\",\"datePublished\":\"2017-01-13T16:16:16+00:00\",\"dateModified\":\"2017-05-17T13:37:15+00:00\",\"author\":{\"@id\":\"https:\/\/www.muchastelas.com\/blog\/#\/schema\/person\/6a1c23e816ebbeba7608742f05a2717e\"},\"description\":\"Onda Cero Masterclass flor de tela. Entrevista en la radio de Onda Cero de Donostia. Entrevista sobre la masterclass flor de tela.\",\"breadcrumb\":{\"@id\":\"https:\/\/www.muchastelas.com\/blog\/2017\/01\/13\/onda-cero-masterclass-flor-de-tela\/#breadcrumb\"},\"inLanguage\":\"es\",\"potentialAction\":[{\"@type\":\"ReadAction\",\"target\":[\"https:\/\/www.muchastelas.com\/blog\/2017\/01\/13\/onda-cero-masterclass-flor-de-tela\/\"]}]},{\"@type\":\"ImageObject\",\"inLanguage\":\"es\",\"@id\":\"https:\/\/www.muchastelas.com\/blog\/2017\/01\/13\/onda-cero-masterclass-flor-de-tela\/#primaryimage\",\"url\":\"https:\/\/www.muchastelas.com\/blog\/wp-content\/uploads\/20170113-Onda_cero_masterclass_flor_tela-Foto0-Miniatura-1.jpg\",\"contentUrl\":\"https:\/\/www.muchastelas.com\/blog\/wp-content\/uploads\/20170113-Onda_cero_masterclass_flor_tela-Foto0-Miniatura-1.jpg\",\"width\":300,\"height\":300,\"caption\":\"Onda Cero Masterclass flor de tela\"},{\"@type\":\"BreadcrumbList\",\"@id\":\"https:\/\/www.muchastelas.com\/blog\/2017\/01\/13\/onda-cero-masterclass-flor-de-tela\/#breadcrumb\",\"itemListElement\":[{\"@type\":\"ListItem\",\"position\":1,\"name\":\"Inicio\",\"item\":\"https:\/\/www.muchastelas.com\/blog\/\"},{\"@type\":\"ListItem\",\"position\":2,\"name\":\"Onda Cero Masterclass flor de tela\"}]},{\"@type\":\"WebSite\",\"@id\":\"https:\/\/www.muchastelas.com\/blog\/#website\",\"url\":\"https:\/\/www.muchastelas.com\/blog\/\",\"name\":\"Blog de Muchas Telas\",\"description\":\"Tutoriales, trucos, tienda de telas online. Nos apasionan los tejidos naturales y de calidad. Portes gratis a partir de 30\u20ac de compra. Regalo de bienvenida de 5\u20ac en tu compra, solo por darte de alta como cliente\",\"potentialAction\":[{\"@type\":\"SearchAction\",\"target\":{\"@type\":\"EntryPoint\",\"urlTemplate\":\"https:\/\/www.muchastelas.com\/blog\/?s={search_term_string}\"},\"query-input\":{\"@type\":\"PropertyValueSpecification\",\"valueRequired\":true,\"valueName\":\"search_term_string\"}}],\"inLanguage\":\"es\"},{\"@type\":\"Person\",\"@id\":\"https:\/\/www.muchastelas.com\/blog\/#\/schema\/person\/6a1c23e816ebbeba7608742f05a2717e\",\"name\":\"Admin\",\"image\":{\"@type\":\"ImageObject\",\"inLanguage\":\"es\",\"@id\":\"https:\/\/www.muchastelas.com\/blog\/#\/schema\/person\/image\/\",\"url\":\"https:\/\/secure.gravatar.com\/avatar\/5ca88d9a36530c3f295fab4eeafd1937b77632f54d14a0e88d893ff37c6cb17b?s=96&d=mm&r=g\",\"contentUrl\":\"https:\/\/secure.gravatar.com\/avatar\/5ca88d9a36530c3f295fab4eeafd1937b77632f54d14a0e88d893ff37c6cb17b?s=96&d=mm&r=g\",\"caption\":\"Admin\"}}]}<\/script>\n<!-- \/ Yoast SEO plugin. -->","yoast_head_json":{"title":"Onda Cero Masterclass flor de tela - Blog de Muchas Telas","description":"Onda Cero Masterclass flor de tela. Entrevista en la radio de Onda Cero de Donostia. Entrevista sobre la masterclass flor de tela.","robots":{"index":"index","follow":"follow","max-snippet":"max-snippet:-1","max-image-preview":"max-image-preview:large","max-video-preview":"max-video-preview:-1"},"canonical":"https:\/\/www.muchastelas.com\/blog\/2017\/01\/13\/onda-cero-masterclass-flor-de-tela\/","twitter_misc":{"Escrito por":false,"Tiempo de lectura":"1 minuto"},"schema":{"@context":"https:\/\/schema.org","@graph":[{"@type":"WebPage","@id":"https:\/\/www.muchastelas.com\/blog\/2017\/01\/13\/onda-cero-masterclass-flor-de-tela\/","url":"https:\/\/www.muchastelas.com\/blog\/2017\/01\/13\/onda-cero-masterclass-flor-de-tela\/","name":"Onda Cero Masterclass flor de tela - Blog de Muchas Telas","isPartOf":{"@id":"https:\/\/www.muchastelas.com\/blog\/#website"},"primaryImageOfPage":{"@id":"https:\/\/www.muchastelas.com\/blog\/2017\/01\/13\/onda-cero-masterclass-flor-de-tela\/#primaryimage"},"image":{"@id":"https:\/\/www.muchastelas.com\/blog\/2017\/01\/13\/onda-cero-masterclass-flor-de-tela\/#primaryimage"},"thumbnailUrl":"https:\/\/www.muchastelas.com\/blog\/wp-content\/uploads\/20170113-Onda_cero_masterclass_flor_tela-Foto0-Miniatura-1.jpg","datePublished":"2017-01-13T16:16:16+00:00","dateModified":"2017-05-17T13:37:15+00:00","author":{"@id":"https:\/\/www.muchastelas.com\/blog\/#\/schema\/person\/6a1c23e816ebbeba7608742f05a2717e"},"description":"Onda Cero Masterclass flor de tela. Entrevista en la radio de Onda Cero de Donostia. Entrevista sobre la masterclass flor de tela.","breadcrumb":{"@id":"https:\/\/www.muchastelas.com\/blog\/2017\/01\/13\/onda-cero-masterclass-flor-de-tela\/#breadcrumb"},"inLanguage":"es","potentialAction":[{"@type":"ReadAction","target":["https:\/\/www.muchastelas.com\/blog\/2017\/01\/13\/onda-cero-masterclass-flor-de-tela\/"]}]},{"@type":"ImageObject","inLanguage":"es","@id":"https:\/\/www.muchastelas.com\/blog\/2017\/01\/13\/onda-cero-masterclass-flor-de-tela\/#primaryimage","url":"https:\/\/www.muchastelas.com\/blog\/wp-content\/uploads\/20170113-Onda_cero_masterclass_flor_tela-Foto0-Miniatura-1.jpg","contentUrl":"https:\/\/www.muchastelas.com\/blog\/wp-content\/uploads\/20170113-Onda_cero_masterclass_flor_tela-Foto0-Miniatura-1.jpg","width":300,"height":300,"caption":"Onda Cero Masterclass flor de tela"},{"@type":"BreadcrumbList","@id":"https:\/\/www.muchastelas.com\/blog\/2017\/01\/13\/onda-cero-masterclass-flor-de-tela\/#breadcrumb","itemListElement":[{"@type":"ListItem","position":1,"name":"Inicio","item":"https:\/\/www.muchastelas.com\/blog\/"},{"@type":"ListItem","position":2,"name":"Onda Cero Masterclass flor de tela"}]},{"@type":"WebSite","@id":"https:\/\/www.muchastelas.com\/blog\/#website","url":"https:\/\/www.muchastelas.com\/blog\/","name":"Blog de Muchas Telas","description":"Tutoriales, trucos, tienda de telas online. Nos apasionan los tejidos naturales y de calidad. Portes gratis a partir de 30\u20ac de compra. Regalo de bienvenida de 5\u20ac en tu compra, solo por darte de alta como cliente","potentialAction":[{"@type":"SearchAction","target":{"@type":"EntryPoint","urlTemplate":"https:\/\/www.muchastelas.com\/blog\/?s={search_term_string}"},"query-input":{"@type":"PropertyValueSpecification","valueRequired":true,"valueName":"search_term_string"}}],"inLanguage":"es"},{"@type":"Person","@id":"https:\/\/www.muchastelas.com\/blog\/#\/schema\/person\/6a1c23e816ebbeba7608742f05a2717e","name":"Admin","image":{"@type":"ImageObject","inLanguage":"es","@id":"https:\/\/www.muchastelas.com\/blog\/#\/schema\/person\/image\/","url":"https:\/\/secure.gravatar.com\/avatar\/5ca88d9a36530c3f295fab4eeafd1937b77632f54d14a0e88d893ff37c6cb17b?s=96&d=mm&r=g","contentUrl":"https:\/\/secure.gravatar.com\/avatar\/5ca88d9a36530c3f295fab4eeafd1937b77632f54d14a0e88d893ff37c6cb17b?s=96&d=mm&r=g","caption":"Admin"}}]}},"_links":{"self":[{"href":"https:\/\/www.muchastelas.com\/blog\/wp-json\/wp\/v2\/posts\/3254","targetHints":{"allow":["GET"]}}],"collection":[{"href":"https:\/\/www.muchastelas.com\/blog\/wp-json\/wp\/v2\/posts"}],"about":[{"href":"https:\/\/www.muchastelas.com\/blog\/wp-json\/wp\/v2\/types\/post"}],"author":[{"embeddable":true,"href":"https:\/\/www.muchastelas.com\/blog\/wp-json\/wp\/v2\/users\/3"}],"replies":[{"embeddable":true,"href":"https:\/\/www.muchastelas.com\/blog\/wp-json\/wp\/v2\/comments?post=3254"}],"version-history":[{"count":7,"href":"https:\/\/www.muchastelas.com\/blog\/wp-json\/wp\/v2\/posts\/3254\/revisions"}],"predecessor-version":[{"id":4125,"href":"https:\/\/www.muchastelas.com\/blog\/wp-json\/wp\/v2\/posts\/3254\/revisions\/4125"}],"wp:featuredmedia":[{"embeddable":true,"href":"https:\/\/www.muchastelas.com\/blog\/wp-json\/wp\/v2\/media\/4290"}],"wp:attachment":[{"href":"https:\/\/www.muchastelas.com\/blog\/wp-json\/wp\/v2\/media?parent=3254"}],"wp:term":[{"taxonomy":"category","embeddable":true,"href":"https:\/\/www.muchastelas.com\/blog\/wp-json\/wp\/v2\/categories?post=3254"},{"taxonomy":"post_tag","embeddable":true,"href":"https:\/\/www.muchastelas.com\/blog\/wp-json\/wp\/v2\/tags?post=3254"}],"curies":[{"name":"wp","href":"https:\/\/api.w.org\/{rel}","templated":true}]}}