{"id":2084,"date":"2016-02-07T13:10:27","date_gmt":"2016-02-07T13:10:27","guid":{"rendered":"http:\/\/muchastelas.com\/blog\/?p=2084"},"modified":"2017-05-23T12:22:20","modified_gmt":"2017-05-23T10:22:20","slug":"entrevista-carnavales-en-diario-vasco-a-merke-kilo-muchas-telas","status":"publish","type":"post","link":"https:\/\/www.muchastelas.com\/blog\/2016\/02\/07\/entrevista-carnavales-en-diario-vasco-a-merke-kilo-muchas-telas\/","title":{"rendered":"Entrevista Carnavales en Diario Vasco a Merke Kilo &#8211; Muchas Telas"},"content":{"rendered":"<p style=\"text-align: justify;\">Os dejamos el texto de la entrevista que nos\u00a0realizaron y se public\u00f3 en el Diario Vasco del s\u00e1bado 6 de febrero:<\/p>\n<p style=\"text-align: center;\"><span style=\"text-decoration: underline; font-size: 30px;\">Menos tela en el traje<\/span><\/p>\n<p style=\"text-align: justify;\">El c\u00e1lido invierno que nos ha acompa\u00f1ado hasta ahora ha provocado que la gente haya aparcado el siempre recurrente disfraza de animal, mucho m\u00e1s abrigado, por algunas vestimentas con menos tela. \u00abOtros a\u00f1os, como el pasado, vendimos mucho m\u00e1s de animales porque son m\u00e1s calentitos. <!--more-->Pero este, por las temperaturas que ha hecho en invierno, la gente se ha decantado por los trajes con menos ropa\u00bb explica Arnal. Una circunstancia que corrobora Pili Jim\u00e9nez, responsable de la tienda de tela Merke-Kilo de San Sebasti\u00e1n: \u00abEsta vez las telas de raso y lam\u00e9 han aparcado a los pelos. Aunque despu\u00e9s de que el s\u00e1bado pasado hiciera algo m\u00e1s de fr\u00edo comenzamos a vender m\u00e1s trajes gordos\u00bb.<a href=\"http:\/\/muchastelas.com\/blog\/wp-content\/uploads\/2016\/02\/10365811_10152455234983679_1848188812070151243_n.jpg\" rel=\"attachment wp-att-2087\"><br \/>\n<\/a> <a href=\"http:\/\/muchastelas.com\/blog\/wp-content\/uploads\/2016\/02\/10365811_10152455234983679_1848188812070151243_n-1.jpg\" rel=\"attachment wp-att-2088\"><br \/>\n<\/a><img loading=\"lazy\" decoding=\"async\" class=\"aligncenter size-full wp-image-4504\" src=\"http:\/\/www.muchastelas.com\/blog\/wp-content\/uploads\/20160207-Entrevista_carnavales_diario_vasco_MK_MT-Foto-1.jpg\" alt=\"Entrevista Carnavales en Diario Vasco a Merke Kilo \u2013 Muchas Telas\" width=\"600\" height=\"450\" \/><\/p>\n<p style=\"text-align: justify;\">La tienda Merke-Kilo est\u00e1 especializada en telas y son muchos los que se adentran en la aventura de confeccionar sus propios trajes sin haber cosido un bot\u00f3n antes. \u00abEn carnaval la gente est\u00e1 m\u00e1s dispuesta que otras veces a hacerse su propio disfraz. En muchas ocasiones vienen cuadrillas de j\u00f3venes que nunca han cogido una aguja y en carnavales se atreven con todo\u00bb, explica Jim\u00e9nez. Entre los disfraces que uno puede coser en casa, la responsable de la tienda confirma que \u00absobre todo el de mexicano porque es muy f\u00e1cil de conseguir y hacer. Compras una tela grande le haces tres agujeros, consigues un sombrero y ya lo tienes.\u00bb Aunque tambi\u00e9n hay quien se mete en camisa de once varas y el disfraz \u00abno les queda tan bien como hubieran pensado en un primer momento\u00bb.<\/p>\n<p style=\"text-align: justify;\">En la \u00e9poca de crisis m\u00e1s de uno se vio obligado a recortar su presupuesto para disfraces y decantarse por aquellos trajes m\u00e1s modestos. Sin embargo, tanto en Casa Angelita como en Merke-Kilo este a\u00f1o han notado un repunte en sus ventas: \u00abVeo a la gente con m\u00e1s ganas de disfrutar de los carnavales que otros a\u00f1os. Est\u00e1n mirando menos el precio y pensando que hay que disfrutar\u00bb, se\u00f1ala Jim\u00e9nez. Mientras que Arnal confirma que \u00abhemos notado que este a\u00f1o, que antes se pod\u00edan decantar por trajes de 10 o 20 euros, pero ahora se compran los que valen 60. Comienzan a pensar cada vez m\u00e1s en divertirse\u00bb.<\/p>\n<p style=\"text-align: justify;\">La cercan\u00eda de las navidades y del D\u00eda de San Sebasti\u00e1n con los carnavales ha provocado que los guipuzcoanos hasta \u00faltima hora no se hayan puesto manos a la obra para confeccionar su disfraz: \u00abLas \u00faltimas dos semanas es cuando ha comenzado el movimiento. Que hayan llegado tan pronto provoca que muchos no lo tengan en mente\u00bb, se\u00f1ala Arnal para quien estos tres meses son vitales. \u00abDurante todo el a\u00f1o el movimiento es peque\u00f1o, pero las cabalgatas, caldereros y las comuniones aumenta, y mucho, las ventas\u00bb.<\/p>\n<p style=\"text-align: justify;\"><img loading=\"lazy\" decoding=\"async\" class=\"aligncenter size-full wp-image-4505\" src=\"http:\/\/www.muchastelas.com\/blog\/wp-content\/uploads\/20160207-Entrevista_carnavales_diario_vasco_MK_MT-Foto-2.jpg\" alt=\"Entrevista Carnavales en Diario Vasco a Merke Kilo \u2013 Muchas Telas\" width=\"600\" height=\"344\" \/><\/p>\n<h4 style=\"text-align: justify;\">Fuente: Diario Vasco.<\/h4>\n<p>&nbsp;<\/p>\n","protected":false},"excerpt":{"rendered":"<p>Os dejamos el texto de la entrevista que nos\u00a0realizaron y se public\u00f3 en el Diario<\/p>\n","protected":false},"author":3,"featured_media":4503,"comment_status":"open","ping_status":"open","sticky":false,"template":"","format":"standard","meta":{"footnotes":""},"categories":[12],"tags":[],"class_list":["post-2084","post","type-post","status-publish","format-standard","has-post-thumbnail","hentry","category-articulos"],"yoast_head":"<!-- This site is optimized with the Yoast SEO plugin v26.6 - https:\/\/yoast.com\/wordpress\/plugins\/seo\/ -->\n<title>Entrevista Carnavales en Diario Vasco a Merke Kilo - Muchas Telas - Blog de Muchas Telas<\/title>\n<meta name=\"description\" content=\"Entrevista carnavales en Diario Vasco a Merke Kilo - Muchas Telas. Siempre hay gente que se atreve a confeccionar su traje.\" \/>\n<meta name=\"robots\" content=\"index, follow, max-snippet:-1, max-image-preview:large, max-video-preview:-1\" \/>\n<link rel=\"canonical\" href=\"https:\/\/www.muchastelas.com\/blog\/2016\/02\/07\/entrevista-carnavales-en-diario-vasco-a-merke-kilo-muchas-telas\/\" \/>\n<meta name=\"twitter:label1\" content=\"Escrito por\" \/>\n\t<meta name=\"twitter:data1\" content=\"\" \/>\n\t<meta name=\"twitter:label2\" content=\"Tiempo de lectura\" \/>\n\t<meta name=\"twitter:data2\" content=\"3 minutos\" \/>\n<script type=\"application\/ld+json\" class=\"yoast-schema-graph\">{\"@context\":\"https:\/\/schema.org\",\"@graph\":[{\"@type\":\"WebPage\",\"@id\":\"https:\/\/www.muchastelas.com\/blog\/2016\/02\/07\/entrevista-carnavales-en-diario-vasco-a-merke-kilo-muchas-telas\/\",\"url\":\"https:\/\/www.muchastelas.com\/blog\/2016\/02\/07\/entrevista-carnavales-en-diario-vasco-a-merke-kilo-muchas-telas\/\",\"name\":\"Entrevista Carnavales en Diario Vasco a Merke Kilo - Muchas Telas - Blog de Muchas Telas\",\"isPartOf\":{\"@id\":\"https:\/\/www.muchastelas.com\/blog\/#website\"},\"primaryImageOfPage\":{\"@id\":\"https:\/\/www.muchastelas.com\/blog\/2016\/02\/07\/entrevista-carnavales-en-diario-vasco-a-merke-kilo-muchas-telas\/#primaryimage\"},\"image\":{\"@id\":\"https:\/\/www.muchastelas.com\/blog\/2016\/02\/07\/entrevista-carnavales-en-diario-vasco-a-merke-kilo-muchas-telas\/#primaryimage\"},\"thumbnailUrl\":\"https:\/\/www.muchastelas.com\/blog\/wp-content\/uploads\/20160207-Entrevista_carnavales_diario_vasco_MK_MT-Foto-0-Miniatura.jpg\",\"datePublished\":\"2016-02-07T13:10:27+00:00\",\"dateModified\":\"2017-05-23T10:22:20+00:00\",\"author\":{\"@id\":\"https:\/\/www.muchastelas.com\/blog\/#\/schema\/person\/6a1c23e816ebbeba7608742f05a2717e\"},\"description\":\"Entrevista carnavales en Diario Vasco a Merke Kilo - Muchas Telas. Siempre hay gente que se atreve a confeccionar su traje.\",\"breadcrumb\":{\"@id\":\"https:\/\/www.muchastelas.com\/blog\/2016\/02\/07\/entrevista-carnavales-en-diario-vasco-a-merke-kilo-muchas-telas\/#breadcrumb\"},\"inLanguage\":\"es\",\"potentialAction\":[{\"@type\":\"ReadAction\",\"target\":[\"https:\/\/www.muchastelas.com\/blog\/2016\/02\/07\/entrevista-carnavales-en-diario-vasco-a-merke-kilo-muchas-telas\/\"]}]},{\"@type\":\"ImageObject\",\"inLanguage\":\"es\",\"@id\":\"https:\/\/www.muchastelas.com\/blog\/2016\/02\/07\/entrevista-carnavales-en-diario-vasco-a-merke-kilo-muchas-telas\/#primaryimage\",\"url\":\"https:\/\/www.muchastelas.com\/blog\/wp-content\/uploads\/20160207-Entrevista_carnavales_diario_vasco_MK_MT-Foto-0-Miniatura.jpg\",\"contentUrl\":\"https:\/\/www.muchastelas.com\/blog\/wp-content\/uploads\/20160207-Entrevista_carnavales_diario_vasco_MK_MT-Foto-0-Miniatura.jpg\",\"width\":300,\"height\":300,\"caption\":\"Entrevista Carnavales en Diario Vasco a Merke Kilo \u2013 Muchas Telas\"},{\"@type\":\"BreadcrumbList\",\"@id\":\"https:\/\/www.muchastelas.com\/blog\/2016\/02\/07\/entrevista-carnavales-en-diario-vasco-a-merke-kilo-muchas-telas\/#breadcrumb\",\"itemListElement\":[{\"@type\":\"ListItem\",\"position\":1,\"name\":\"Inicio\",\"item\":\"https:\/\/www.muchastelas.com\/blog\/\"},{\"@type\":\"ListItem\",\"position\":2,\"name\":\"Entrevista Carnavales en Diario Vasco a Merke Kilo &#8211; Muchas Telas\"}]},{\"@type\":\"WebSite\",\"@id\":\"https:\/\/www.muchastelas.com\/blog\/#website\",\"url\":\"https:\/\/www.muchastelas.com\/blog\/\",\"name\":\"Blog de Muchas Telas\",\"description\":\"Tutoriales, trucos, tienda de telas online. Nos apasionan los tejidos naturales y de calidad. Portes gratis a partir de 30\u20ac de compra. Regalo de bienvenida de 5\u20ac en tu compra, solo por darte de alta como cliente\",\"potentialAction\":[{\"@type\":\"SearchAction\",\"target\":{\"@type\":\"EntryPoint\",\"urlTemplate\":\"https:\/\/www.muchastelas.com\/blog\/?s={search_term_string}\"},\"query-input\":{\"@type\":\"PropertyValueSpecification\",\"valueRequired\":true,\"valueName\":\"search_term_string\"}}],\"inLanguage\":\"es\"},{\"@type\":\"Person\",\"@id\":\"https:\/\/www.muchastelas.com\/blog\/#\/schema\/person\/6a1c23e816ebbeba7608742f05a2717e\",\"name\":\"Admin\",\"image\":{\"@type\":\"ImageObject\",\"inLanguage\":\"es\",\"@id\":\"https:\/\/www.muchastelas.com\/blog\/#\/schema\/person\/image\/\",\"url\":\"https:\/\/secure.gravatar.com\/avatar\/5ca88d9a36530c3f295fab4eeafd1937b77632f54d14a0e88d893ff37c6cb17b?s=96&d=mm&r=g\",\"contentUrl\":\"https:\/\/secure.gravatar.com\/avatar\/5ca88d9a36530c3f295fab4eeafd1937b77632f54d14a0e88d893ff37c6cb17b?s=96&d=mm&r=g\",\"caption\":\"Admin\"}}]}<\/script>\n<!-- \/ Yoast SEO plugin. -->","yoast_head_json":{"title":"Entrevista Carnavales en Diario Vasco a Merke Kilo - Muchas Telas - Blog de Muchas Telas","description":"Entrevista carnavales en Diario Vasco a Merke Kilo - Muchas Telas. Siempre hay gente que se atreve a confeccionar su traje.","robots":{"index":"index","follow":"follow","max-snippet":"max-snippet:-1","max-image-preview":"max-image-preview:large","max-video-preview":"max-video-preview:-1"},"canonical":"https:\/\/www.muchastelas.com\/blog\/2016\/02\/07\/entrevista-carnavales-en-diario-vasco-a-merke-kilo-muchas-telas\/","twitter_misc":{"Escrito por":false,"Tiempo de lectura":"3 minutos"},"schema":{"@context":"https:\/\/schema.org","@graph":[{"@type":"WebPage","@id":"https:\/\/www.muchastelas.com\/blog\/2016\/02\/07\/entrevista-carnavales-en-diario-vasco-a-merke-kilo-muchas-telas\/","url":"https:\/\/www.muchastelas.com\/blog\/2016\/02\/07\/entrevista-carnavales-en-diario-vasco-a-merke-kilo-muchas-telas\/","name":"Entrevista Carnavales en Diario Vasco a Merke Kilo - Muchas Telas - Blog de Muchas Telas","isPartOf":{"@id":"https:\/\/www.muchastelas.com\/blog\/#website"},"primaryImageOfPage":{"@id":"https:\/\/www.muchastelas.com\/blog\/2016\/02\/07\/entrevista-carnavales-en-diario-vasco-a-merke-kilo-muchas-telas\/#primaryimage"},"image":{"@id":"https:\/\/www.muchastelas.com\/blog\/2016\/02\/07\/entrevista-carnavales-en-diario-vasco-a-merke-kilo-muchas-telas\/#primaryimage"},"thumbnailUrl":"https:\/\/www.muchastelas.com\/blog\/wp-content\/uploads\/20160207-Entrevista_carnavales_diario_vasco_MK_MT-Foto-0-Miniatura.jpg","datePublished":"2016-02-07T13:10:27+00:00","dateModified":"2017-05-23T10:22:20+00:00","author":{"@id":"https:\/\/www.muchastelas.com\/blog\/#\/schema\/person\/6a1c23e816ebbeba7608742f05a2717e"},"description":"Entrevista carnavales en Diario Vasco a Merke Kilo - Muchas Telas. Siempre hay gente que se atreve a confeccionar su traje.","breadcrumb":{"@id":"https:\/\/www.muchastelas.com\/blog\/2016\/02\/07\/entrevista-carnavales-en-diario-vasco-a-merke-kilo-muchas-telas\/#breadcrumb"},"inLanguage":"es","potentialAction":[{"@type":"ReadAction","target":["https:\/\/www.muchastelas.com\/blog\/2016\/02\/07\/entrevista-carnavales-en-diario-vasco-a-merke-kilo-muchas-telas\/"]}]},{"@type":"ImageObject","inLanguage":"es","@id":"https:\/\/www.muchastelas.com\/blog\/2016\/02\/07\/entrevista-carnavales-en-diario-vasco-a-merke-kilo-muchas-telas\/#primaryimage","url":"https:\/\/www.muchastelas.com\/blog\/wp-content\/uploads\/20160207-Entrevista_carnavales_diario_vasco_MK_MT-Foto-0-Miniatura.jpg","contentUrl":"https:\/\/www.muchastelas.com\/blog\/wp-content\/uploads\/20160207-Entrevista_carnavales_diario_vasco_MK_MT-Foto-0-Miniatura.jpg","width":300,"height":300,"caption":"Entrevista Carnavales en Diario Vasco a Merke Kilo \u2013 Muchas Telas"},{"@type":"BreadcrumbList","@id":"https:\/\/www.muchastelas.com\/blog\/2016\/02\/07\/entrevista-carnavales-en-diario-vasco-a-merke-kilo-muchas-telas\/#breadcrumb","itemListElement":[{"@type":"ListItem","position":1,"name":"Inicio","item":"https:\/\/www.muchastelas.com\/blog\/"},{"@type":"ListItem","position":2,"name":"Entrevista Carnavales en Diario Vasco a Merke Kilo &#8211; Muchas Telas"}]},{"@type":"WebSite","@id":"https:\/\/www.muchastelas.com\/blog\/#website","url":"https:\/\/www.muchastelas.com\/blog\/","name":"Blog de Muchas Telas","description":"Tutoriales, trucos, tienda de telas online. Nos apasionan los tejidos naturales y de calidad. Portes gratis a partir de 30\u20ac de compra. Regalo de bienvenida de 5\u20ac en tu compra, solo por darte de alta como cliente","potentialAction":[{"@type":"SearchAction","target":{"@type":"EntryPoint","urlTemplate":"https:\/\/www.muchastelas.com\/blog\/?s={search_term_string}"},"query-input":{"@type":"PropertyValueSpecification","valueRequired":true,"valueName":"search_term_string"}}],"inLanguage":"es"},{"@type":"Person","@id":"https:\/\/www.muchastelas.com\/blog\/#\/schema\/person\/6a1c23e816ebbeba7608742f05a2717e","name":"Admin","image":{"@type":"ImageObject","inLanguage":"es","@id":"https:\/\/www.muchastelas.com\/blog\/#\/schema\/person\/image\/","url":"https:\/\/secure.gravatar.com\/avatar\/5ca88d9a36530c3f295fab4eeafd1937b77632f54d14a0e88d893ff37c6cb17b?s=96&d=mm&r=g","contentUrl":"https:\/\/secure.gravatar.com\/avatar\/5ca88d9a36530c3f295fab4eeafd1937b77632f54d14a0e88d893ff37c6cb17b?s=96&d=mm&r=g","caption":"Admin"}}]}},"_links":{"self":[{"href":"https:\/\/www.muchastelas.com\/blog\/wp-json\/wp\/v2\/posts\/2084","targetHints":{"allow":["GET"]}}],"collection":[{"href":"https:\/\/www.muchastelas.com\/blog\/wp-json\/wp\/v2\/posts"}],"about":[{"href":"https:\/\/www.muchastelas.com\/blog\/wp-json\/wp\/v2\/types\/post"}],"author":[{"embeddable":true,"href":"https:\/\/www.muchastelas.com\/blog\/wp-json\/wp\/v2\/users\/3"}],"replies":[{"embeddable":true,"href":"https:\/\/www.muchastelas.com\/blog\/wp-json\/wp\/v2\/comments?post=2084"}],"version-history":[{"count":3,"href":"https:\/\/www.muchastelas.com\/blog\/wp-json\/wp\/v2\/posts\/2084\/revisions"}],"predecessor-version":[{"id":4506,"href":"https:\/\/www.muchastelas.com\/blog\/wp-json\/wp\/v2\/posts\/2084\/revisions\/4506"}],"wp:featuredmedia":[{"embeddable":true,"href":"https:\/\/www.muchastelas.com\/blog\/wp-json\/wp\/v2\/media\/4503"}],"wp:attachment":[{"href":"https:\/\/www.muchastelas.com\/blog\/wp-json\/wp\/v2\/media?parent=2084"}],"wp:term":[{"taxonomy":"category","embeddable":true,"href":"https:\/\/www.muchastelas.com\/blog\/wp-json\/wp\/v2\/categories?post=2084"},{"taxonomy":"post_tag","embeddable":true,"href":"https:\/\/www.muchastelas.com\/blog\/wp-json\/wp\/v2\/tags?post=2084"}],"curies":[{"name":"wp","href":"https:\/\/api.w.org\/{rel}","templated":true}]}}